{"id":322,"date":"2020-10-30T11:17:36","date_gmt":"2020-10-30T09:17:36","guid":{"rendered":"https:\/\/futura.agentweb.ro\/?p=322"},"modified":"2021-03-02T09:53:52","modified_gmt":"2021-03-02T07:53:52","slug":"solidaritatea-adunare-tematica-futura","status":"publish","type":"post","link":"https:\/\/futura.ro\/it\/solidaritatea-adunare-tematica-futura\/","title":{"rendered":"Solidaritatea &#8211; Adunare tematic\u0103 Futura"},"content":{"rendered":"<div data-elementor-type=\"wp-post\" data-elementor-id=\"322\" class=\"elementor elementor-322\">\n\t\t\t\t\t\t<section class=\"elementor-section elementor-top-section elementor-element elementor-element-2c29d7b elementor-section-boxed elementor-section-height-default elementor-section-height-default\" data-id=\"2c29d7b\" data-element_type=\"section\" data-e-type=\"section\" data-settings=\"{&quot;background_background&quot;:&quot;classic&quot;}\">\n\t\t\t\t\t\t<div class=\"elementor-container elementor-column-gap-default\">\n\t\t\t\t\t<div class=\"elementor-column elementor-col-100 elementor-top-column elementor-element elementor-element-fe179bb\" data-id=\"fe179bb\" data-element_type=\"column\" data-e-type=\"column\">\n\t\t\t<div class=\"elementor-widget-wrap elementor-element-populated\">\n\t\t\t\t\t\t<div class=\"elementor-element elementor-element-6fc3557 elementor-widget elementor-widget-text-editor\" data-id=\"6fc3557\" data-element_type=\"widget\" data-e-type=\"widget\" data-widget_type=\"text-editor.default\">\n\t\t\t\t<div class=\"elementor-widget-container\">\n\t\t\t\t\t\t\t\t\t<p>Venerd\u00ec 30 Ottobre 2020 ore 18:30<\/p><p>Sono intervenuti:<\/p><p>&#8211; Excelen\u021ba Sa, \u0219eful adjunct al misiunii, \u0219eful Cancelariei consulare \u0219i \u0219eful Biroului pentru afaceri europene \u0219i sociale al Ambasadei Italiei la Bucure\u0219ti, Dr. MARIA LUISA LAPRESA reprezent\u00e2nd ambasadorul Italiei<\/p><p>&#8211; EMILIA BOTEZAN, \u0219ef Departament Afaceri Interna\u021bionale \u0219i Investi\u021bii Externe, reprezent\u00e2nd primarul Cluj-Napoca EMIL BO<\/p><p>&#8211; Excelen\u021ba Sa Ambasadorul \u00een Rom\u00e2nia al Ordinului Militar Suveran al Maltei, precum \u0219i Pre\u0219edintele Camerei de Comer\u021b Italiene pentru Rom\u00e2nia, ROBERTO MUSNECI, Membru de onoare al Futura<\/p><p>&#8211; MICHELE SCHIAVONE, secretar general al Consiliului general al italienilor din str\u0103in\u0103tate (CGIE este organul Ministerului Afacerilor Externe, al c\u0103rui pre\u0219edinte este ministrul de externe, care sus\u021bine Guvernul \u0219i Parlamentul cu privire la problemele majore care afecteaz\u0103 comunit\u0103\u021bile italiene din str\u0103in\u0103tate)<\/p><p>&#8211; GIANLUCA LODETTI, INAS \u0218ef Afaceri Externe \u0219i membru al Comisiei pre\u0219edin\u021biei CGIE. Timp de 70 de ani, INAS a oferit asisten\u021b\u0103 gratuit\u0103 ca patronaj \u00een Italia \u0219i \u00een 22 de \u021b\u0103ri din \u00eentreaga lume, reprezent\u00e2nd o experien\u021b\u0103 important\u0103 de coeziune social\u0103, solidaritate \u0219i subsidiaritate<\/p><p>&#8211; CESARE INSINSOLA, \u0219ef INAS pentru Rom\u00e2nia<\/p><p>&#8211; MARIAN MOCANU, vicepre\u0219edinte Ligii Rom\u00e2nilor din Italia \u0219i autorul c\u0103r\u021bii \u201eCome Fratelli\u201d<\/p><p>&#8211; DON VALERIANO GIACOMELLI, al Congrega\u021biei Don Orione, coordonator al misiunilor catolice italiene \u00een numele Conferin\u021bei episcopale italiene<\/p><p>&#8211; DE SINE. consulul Italiei la Arad, ROBERTO SPERANDIO, pentru discursul final. Dr. Sperandio este cel mai vechi consul (cu 17 ani de activitate consular\u0103), colaborarea \u0219i proximitatea cu consulatele, care func\u021bioneaz\u0103 pe teritoriu, este un element important \u00een general \u0219i, cu at\u00e2t mai mult, \u00een aceast\u0103 perioad\u0103 dificil\u0103.<\/p><p>LA SOLIDARIETA\u2019<\/p><p>Solidaritatea, care este deosebit de necesar\u0103 \u00een aceast\u0103 perioad\u0103, este tema central\u0103 \u0219i poate fi declinat\u0103 sub diferite forme.<\/p><p>Nu doar ajutorul material este important \u00een momentele de dificultate, ci \u0219i ajutorul pentru relocarea locurilor de munc\u0103, mai degrab\u0103 dec\u00e2t s\u0103 ajute la gestionarea rela\u021biilor cu administra\u021bia guvernelor italiene \u0219i rom\u00e2ne (indemniza\u021bii de \u0219omaj, diverse indemniza\u021bii INPS, reuniuni contributive etc.) care se traduc \u00een cele din urm\u0103 \u00een sprijinul economic \u0219i, de asemenea, sentimentul de a face parte dintr-o comunitate.<\/p><p>Solidaritatea poate \u00eensemna, de asemenea, men\u021binerea leg\u0103turilor cu propria na\u021biune \u0219i cultur\u0103, care este la fel de important\u0103 ca integrarea \u00een \u021bara \u00een care ne afl\u0103m.<\/p><p>\u00censeamn\u0103 \u0219i socializare, a\u0219a cum am f\u0103cut deja \u00een trecut, cu petrecerea Prieteniei Italo-Rom\u00e2ne \u0219i cu Felicit\u0103rile de Cr\u0103ciun \u0219i alte ini\u021biative, este \u0219i va fi important s\u0103 r\u0103m\u00e2nem \u00eempreun\u0103 prin evenimente de socializare.<\/p><p>Adunarea a fost deschis\u0103 de pre\u0219edintele Angelo Antognetti \u0219i, ulterior, Antonio Patan\u00e8, \u00een calitate de organizator \u0219i moderator al adun\u0103rii tematice, a prezentat invita\u021bii \u0219i a prezentat interven\u021biile.<\/p><p>La final, programul de activit\u0103\u021bi a fost men\u021bionat \u00eentr-o sesiune coordonat\u0103 de vicepre\u0219edintele Gianni Calderone.<\/p><p><a href=\"https:\/\/vimeo.com\/474084394?fbclid=IwAR1jSCs_A4Hxo2CskU2EhroyGZS5BaDbx91xASP5cIivqNwUwKEEzln7aB8\" rel=\"nofollow noopener\" target=\"_blank\">https:\/\/vimeo.com\/474084394?fbclid=IwAR1jSCs_A4Hxo2CskU2EhroyGZS5BaDbx91xASP5cIivqNwUwKEEzln7aB8<\/a><\/p>\t\t\t\t\t\t\t\t<\/div>\n\t\t\t\t<\/div>\n\t\t\t\t\t<\/div>\n\t\t<\/div>\n\t\t\t\t\t<\/div>\n\t\t<\/section>\n\t\t\t\t<\/div>","protected":false},"excerpt":{"rendered":"<p>Vineri 30 octombrie 2020 la 18.30 Au participat: &#8211; Excelen\u021ba Sa, \u0219eful adjunct al misiunii, \u0219eful Cancelariei consulare \u0219i \u0219eful Biroului pentru afaceri europene \u0219i sociale al Ambasadei Italiei la Bucure\u0219ti, Dr. MARIA LUISA LAPRESA reprezent\u00e2nd ambasadorul Italiei &#8211; EMILIA BOTEZAN, \u0219ef Departament Afaceri Interna\u021bionale \u0219i Investi\u021bii Externe, reprezent\u00e2nd primarul Cluj-Napoca EMIL BO &#8211; Excelen\u021ba&hellip;&nbsp;<a href=\"https:\/\/futura.ro\/it\/solidaritatea-adunare-tematica-futura\/\" class=\"\" rel=\"bookmark\">Leggi tutto &raquo;<span class=\"screen-reader-text\">Solidaritatea &#8211; Adunare tematic\u0103 Futura<\/span><\/a><\/p>","protected":false},"author":1,"featured_media":356,"comment_status":"closed","ping_status":"closed","sticky":false,"template":"","format":"standard","meta":{"neve_meta_sidebar":"left","neve_meta_container":"","neve_meta_enable_content_width":"off","neve_meta_content_width":0,"neve_meta_title_alignment":"","neve_meta_author_avatar":"","neve_post_elements_order":"","neve_meta_disable_header":"","neve_meta_disable_footer":"","neve_meta_disable_title":"","footnotes":""},"categories":[5],"tags":[],"class_list":["post-322","post","type-post","status-publish","format-standard","has-post-thumbnail","hentry","category-evenimente"],"_links":{"self":[{"href":"https:\/\/futura.ro\/it\/wp-json\/wp\/v2\/posts\/322","targetHints":{"allow":["GET"]}}],"collection":[{"href":"https:\/\/futura.ro\/it\/wp-json\/wp\/v2\/posts"}],"about":[{"href":"https:\/\/futura.ro\/it\/wp-json\/wp\/v2\/types\/post"}],"author":[{"embeddable":true,"href":"https:\/\/futura.ro\/it\/wp-json\/wp\/v2\/users\/1"}],"replies":[{"embeddable":true,"href":"https:\/\/futura.ro\/it\/wp-json\/wp\/v2\/comments?post=322"}],"version-history":[{"count":21,"href":"https:\/\/futura.ro\/it\/wp-json\/wp\/v2\/posts\/322\/revisions"}],"predecessor-version":[{"id":469,"href":"https:\/\/futura.ro\/it\/wp-json\/wp\/v2\/posts\/322\/revisions\/469"}],"wp:featuredmedia":[{"embeddable":true,"href":"https:\/\/futura.ro\/it\/wp-json\/wp\/v2\/media\/356"}],"wp:attachment":[{"href":"https:\/\/futura.ro\/it\/wp-json\/wp\/v2\/media?parent=322"}],"wp:term":[{"taxonomy":"category","embeddable":true,"href":"https:\/\/futura.ro\/it\/wp-json\/wp\/v2\/categories?post=322"},{"taxonomy":"post_tag","embeddable":true,"href":"https:\/\/futura.ro\/it\/wp-json\/wp\/v2\/tags?post=322"}],"curies":[{"name":"wp","href":"https:\/\/api.w.org\/{rel}","templated":true}]}}