{"id":341,"date":"2020-10-31T11:27:28","date_gmt":"2020-10-31T09:27:28","guid":{"rendered":"https:\/\/futura.agentweb.ro\/?p=341"},"modified":"2021-03-02T09:53:33","modified_gmt":"2021-03-02T07:53:33","slug":"asociatia-italo-romana-futura-intalnire-in-semnul-solidarietatii","status":"publish","type":"post","link":"https:\/\/futura.ro\/it\/asociatia-italo-romana-futura-intalnire-in-semnul-solidarietatii\/","title":{"rendered":"Asocia\u021bia italo-rom\u00e2n\u0103 Futura, \u00eent\u00e2lnire \u00een semnul solidariet\u0103\u021bii"},"content":{"rendered":"<div data-elementor-type=\"wp-post\" data-elementor-id=\"341\" class=\"elementor elementor-341\">\n\t\t\t\t\t\t<section class=\"elementor-section elementor-top-section elementor-element elementor-element-2c29d7b elementor-section-boxed elementor-section-height-default elementor-section-height-default\" data-id=\"2c29d7b\" data-element_type=\"section\" data-e-type=\"section\" data-settings=\"{&quot;background_background&quot;:&quot;classic&quot;}\">\n\t\t\t\t\t\t<div class=\"elementor-container elementor-column-gap-default\">\n\t\t\t\t\t<div class=\"elementor-column elementor-col-100 elementor-top-column elementor-element elementor-element-fe179bb\" data-id=\"fe179bb\" data-element_type=\"column\" data-e-type=\"column\">\n\t\t\t<div class=\"elementor-widget-wrap elementor-element-populated\">\n\t\t\t\t\t\t<div class=\"elementor-element elementor-element-6fc3557 elementor-widget elementor-widget-text-editor\" data-id=\"6fc3557\" data-element_type=\"widget\" data-e-type=\"widget\" data-widget_type=\"text-editor.default\">\n\t\t\t\t<div class=\"elementor-widget-container\">\n\t\t\t\t\t\t\t\t\t<p>O \u00eent\u00e2lnire care are ca cuv\u00e2nt de ordine Solidaritatea, necesar\u0103 mai mult ca niciodat\u0103 \u00een vremurile grele pe care le tr\u0103im: aceasta este invita\u021bia f\u0103cut\u0103 de Asocia\u021bia \u201eFutura\u201d italo-rom\u00e2n\u0103 la Adunarea tematic\u0103 care are loc pe platforma Zoom pe 30 octombrie. , de la 18.30 (ora Rom\u00e2niei, 17.30 \u00een Italia). \u00cent\u00e2lnirea va fi deschis\u0103 prin interven\u021biile pre\u0219edintelui Asocia\u021biei, Angelo Antognetti, \u0219i de Antonio Patan\u00e8, organizator \u0219i moderator al evenimentului. \u201e\u00cen acest moment dificil, decalajul social \u0219i genera\u021bional se extinde\u201d, a explicat Antonio Patan\u00e8 la Radio Rom\u00e2nia Interna\u021bional, subliniind c\u0103 numai \u00eempreun\u0103 putem trage o linie pentru viitor. \u00cempreun\u0103 \u00eenseamn\u0103 \u0219i solidaritate, un concept care poate fi exprimat \u00een multe feluri. Nu numai ajutorul material este important \u00een momentele de dificultate, ci \u0219i ajutorul pentru relocarea locului de munc\u0103. Solidaritatea \u00eenseamn\u0103, de asemenea, s\u0103 te sim\u021bi parte a unei comunit\u0103\u021bi, prin urmare s\u0103 p\u0103strezi leg\u0103turi cu propria na\u021biune \u0219i cultur\u0103, aspect la fel de important ca integrarea \u00een \u021bara \u00een care suntem reziden\u021bi \u201d, adaug\u0103 Antonio Patan\u00e8.<\/p><p>La Adunare vor participa Maria Luisa Lapresa, \u0219ef adjunct al misiunii Ambasadei Italiei la Bucure\u0219ti \u0219i \u0219ef al Biroului Afaceri Europene, Sociale \u0219i Culturale, ambasadorul Ordinului Suveran Militar al Maltei \u00een Rom\u00e2nia, Roberto Musneci, membru de onoare al Asocia\u021biei Futura. \u201dResponsabilitatea social\u0103 \u0219i solidaritatea sunt elementele constitutive ale Ordinului Maltei de aproape o mie de ani&#8221;, a declarat ambasadorul Roberto Musneci pentru Radio Rom\u00e2nia Interna\u021bional. \u00cen conformitate cu deviza\u201e Ap\u0103rarea credin\u021bei \u0219i slujirea celor s\u0103raci &#8222;, Ordinul a fost \u00een esen\u021b\u0103 bazat\u0103 pe serviciul c\u0103tre toate p\u0103r\u021bile societ\u0103\u021bii care au nevoie de ajutor material \u0219i spiritual. Solidaritatea este \u00een esen\u021b\u0103 gena constitutiv\u0103 a Ordinului Maltei, prezent\u0103 \u00een \u00eentreaga lume pentru activit\u0103\u021bi de la asisten\u021b\u0103 la s\u0103raci, persoane cu dizabilit\u0103\u021bi \u0219i copii abandona\u021bi, interven\u021bie \u00een Rom\u00e2nia, \u00een special, Ordinul Maltei \u0219i Malteser Relief Service sunt implicate \u00een peste 100 de proiecte \u00een toat\u0103 \u021bara, a declarat Roberto Musneci, reales \u00een iulie 2020 pentru un al doilea mandat ca pre\u0219edinte al Italiei Camera de Comer\u021b pentru Rom\u00e2nia, implicat\u0103 la r\u00e2ndul s\u0103u \u00een ini\u021biative de responsabilitate social\u0103. &#8221; ilitatea social\u0103 este o parte integrant\u0103 a strategiei de afaceri &#8222;, a ad\u0103ugat Roberto Musneci, explic\u00e2nd c\u0103 o cunoa\u0219tere consolidat\u0103 la nivelul companiilor multina\u021bionale este \u0219i a\u0219a-numitul concept de profituri \u0219i pierderi reputa\u021bionale.<\/p><p>Michele Schiavone, secretar general al Consiliului general al italienilor din str\u0103in\u0103tate, Cesare Insinsola, INAS responsabil pentru Rom\u00e2nia, Gianluca Lodetti, manager extern INAS \u0219i membru al Comitetului de pre\u0219edin\u021bie al CGIE. Oaspe\u021bii \u00eent\u00e2lnirii vor fi, de asemenea, Marian Mocanu, vicepre\u0219edintele Ligii Rom\u00e2nilor din Italia \u0219i, \u00eempreun\u0103 cu Irina Niculescu, autorul c\u0103r\u021bii &#8222;Come Fratellanza. Fr\u0103\u021bia italo-rom\u00e2n\u0103 la 10 ani de la aderarea la Uniunea European\u0103&#8221;, \u0219i Don Valeriano Giacomelli din Congrega\u021bia Don Orione. Interven\u021bia final\u0103 revine consulului onorific al Italiei la Arad, Roberto Sperandio.<\/p><p>Asocia\u021bia italo-rom\u00e2n\u0103 \u201eFutura\u201d s-a n\u0103scut la \u00eenceputul anului 2019 cu scopul de a se adresa comunit\u0103\u021bii italo-rom\u00e2ne, care are milioane de oameni, pentru a uni italienii din Rom\u00e2nia \u0219i rom\u00e2nii care sunt cea mai mare comunitate str\u0103in\u0103 din Italia, precum \u0219i numeroase familii mixte \u0219i mul\u021bi tineri rom\u00e2ni care locuiau \u00eentre cele dou\u0103 \u021b\u0103ri.<\/p><p><a href=\"https:\/\/www.rri.ro\/it_it\/associazione_italo_romena_futura_incontro_all_insegna_della_solidarieta-2625858?fbclid=IwAR06HEVrfwaNItBdaKKpPKP8skPapMwZ0Q9TYdVBPX26Ls34HVMBch_EZD4\" rel=\"nofollow noopener\" target=\"_blank\">https:\/\/www.rri.ro\/it_it\/associazione_italo_romena_futura_incontro_all_insegna_della_solidarieta-2625858?fbclid=IwAR06HEVrfwaNItBdaKKpPKP8skPapMwZ0Q9TYdVBPX26Ls34HVMBch_EZD4<\/a><\/p>\t\t\t\t\t\t\t\t<\/div>\n\t\t\t\t<\/div>\n\t\t\t\t\t<\/div>\n\t\t<\/div>\n\t\t\t\t\t<\/div>\n\t\t<\/section>\n\t\t\t\t<\/div>","protected":false},"excerpt":{"rendered":"<p>O \u00eent\u00e2lnire care are ca cuv\u00e2nt de ordine Solidaritatea, necesar\u0103 mai mult ca niciodat\u0103 \u00een vremurile grele pe care le tr\u0103im: aceasta este invita\u021bia f\u0103cut\u0103 de Asocia\u021bia \u201eFutura\u201d italo-rom\u00e2n\u0103 la Adunarea tematic\u0103 care are loc pe platforma Zoom pe 30 octombrie. , de la 18.30 (ora Rom\u00e2niei, 17.30 \u00een Italia). \u00cent\u00e2lnirea va fi deschis\u0103 prin&hellip;&nbsp;<a href=\"https:\/\/futura.ro\/it\/asociatia-italo-romana-futura-intalnire-in-semnul-solidarietatii\/\" class=\"\" rel=\"bookmark\">Leggi tutto &raquo;<span class=\"screen-reader-text\">Asocia\u021bia italo-rom\u00e2n\u0103 Futura, \u00eent\u00e2lnire \u00een semnul solidariet\u0103\u021bii<\/span><\/a><\/p>","protected":false},"author":1,"featured_media":344,"comment_status":"closed","ping_status":"closed","sticky":false,"template":"","format":"standard","meta":{"neve_meta_sidebar":"left","neve_meta_container":"","neve_meta_enable_content_width":"off","neve_meta_content_width":0,"neve_meta_title_alignment":"","neve_meta_author_avatar":"","neve_post_elements_order":"","neve_meta_disable_header":"","neve_meta_disable_footer":"","neve_meta_disable_title":"","footnotes":""},"categories":[5],"tags":[],"class_list":["post-341","post","type-post","status-publish","format-standard","has-post-thumbnail","hentry","category-evenimente"],"_links":{"self":[{"href":"https:\/\/futura.ro\/it\/wp-json\/wp\/v2\/posts\/341","targetHints":{"allow":["GET"]}}],"collection":[{"href":"https:\/\/futura.ro\/it\/wp-json\/wp\/v2\/posts"}],"about":[{"href":"https:\/\/futura.ro\/it\/wp-json\/wp\/v2\/types\/post"}],"author":[{"embeddable":true,"href":"https:\/\/futura.ro\/it\/wp-json\/wp\/v2\/users\/1"}],"replies":[{"embeddable":true,"href":"https:\/\/futura.ro\/it\/wp-json\/wp\/v2\/comments?post=341"}],"version-history":[{"count":8,"href":"https:\/\/futura.ro\/it\/wp-json\/wp\/v2\/posts\/341\/revisions"}],"predecessor-version":[{"id":468,"href":"https:\/\/futura.ro\/it\/wp-json\/wp\/v2\/posts\/341\/revisions\/468"}],"wp:featuredmedia":[{"embeddable":true,"href":"https:\/\/futura.ro\/it\/wp-json\/wp\/v2\/media\/344"}],"wp:attachment":[{"href":"https:\/\/futura.ro\/it\/wp-json\/wp\/v2\/media?parent=341"}],"wp:term":[{"taxonomy":"category","embeddable":true,"href":"https:\/\/futura.ro\/it\/wp-json\/wp\/v2\/categories?post=341"},{"taxonomy":"post_tag","embeddable":true,"href":"https:\/\/futura.ro\/it\/wp-json\/wp\/v2\/tags?post=341"}],"curies":[{"name":"wp","href":"https:\/\/api.w.org\/{rel}","templated":true}]}}