{"id":385,"date":"2018-12-27T11:41:17","date_gmt":"2018-12-27T09:41:17","guid":{"rendered":"https:\/\/futura.agentweb.ro\/?p=385"},"modified":"2021-03-02T09:49:32","modified_gmt":"2021-03-02T07:49:32","slug":"cluj-asociatia-italienilor-un-succes-uimitor","status":"publish","type":"post","link":"https:\/\/futura.ro\/it\/cluj-asociatia-italienilor-un-succes-uimitor\/","title":{"rendered":"Cluj, asocia\u021bia italienilor, un succes uimitor"},"content":{"rendered":"<div data-elementor-type=\"wp-post\" data-elementor-id=\"385\" class=\"elementor elementor-385\">\n\t\t\t\t\t\t<section class=\"elementor-section elementor-top-section elementor-element elementor-element-2c29d7b elementor-section-boxed elementor-section-height-default elementor-section-height-default\" data-id=\"2c29d7b\" data-element_type=\"section\" data-e-type=\"section\" data-settings=\"{&quot;background_background&quot;:&quot;classic&quot;}\">\n\t\t\t\t\t\t<div class=\"elementor-container elementor-column-gap-default\">\n\t\t\t\t\t<div class=\"elementor-column elementor-col-100 elementor-top-column elementor-element elementor-element-fe179bb\" data-id=\"fe179bb\" data-element_type=\"column\" data-e-type=\"column\">\n\t\t\t<div class=\"elementor-widget-wrap elementor-element-populated\">\n\t\t\t\t\t\t<div class=\"elementor-element elementor-element-6fc3557 elementor-widget elementor-widget-text-editor\" data-id=\"6fc3557\" data-element_type=\"widget\" data-e-type=\"widget\" data-widget_type=\"text-editor.default\">\n\t\t\t\t<div class=\"elementor-widget-container\">\n\t\t\t\t\t\t\t\t\t<p>27 dicembre 2018<\/p>\n<p>Vestea zilei este succesul uimitor pe care l-a avut anun\u021bul despre na\u0219terea asocia\u021biei, care are \u0219i o pagin\u0103 de Facebook de c&acirc;teva zile.<\/p>\n<p>Evident, ideea a pl\u0103cut \u0219i nevoia de reprezentare organizat\u0103 este foarte mare, deoarece nu exist\u0103 nicio asocia\u021bie &icirc;n Cluj care s\u0103 reprezinte cet\u0103\u021benii italieni ca atare, f\u0103r\u0103 nicio distinc\u021bie &icirc;ntre privilegia\u021bi \u0219i neprivilegia\u021bi. Ast\u0103zi, categoria antreprenorilor italieni reprezint\u0103 doar o mic\u0103 minoritate &icirc;n compara\u021bie cu prezen\u021ba pre\u021buit\u0103 \u0219i mult mai larg\u0103 a cet\u0103\u021benilor italieni care locuiesc &icirc;n Cluj pentru munc\u0103, sau care sunt pensionari, sau care au o familie mixt\u0103, sau care studiaz\u0103 la Universitate, sau alte c&acirc;teva motive.<\/p>\n<p>Cele mai bune ur\u0103ri de succes pentru noua asocia\u021bie \u0219i pre\u0219edintele acesteia, Angelo Antognetti.<\/p>\n<p>Pagina de Facebook Asocia\u021bia Rom&acirc;n\u0103 Italian\u0103 &#8222;Futura&#8221;: &#8222;Asocia\u021bia va agrega italieni f\u0103r\u0103 a distinge dac\u0103 sunt pensionari italieni sau studen\u021bi italieni sau muncitori italieni sau antreprenori italieni sau chiar \u0219omeri italieni. \u0218i, de asemenea, f\u0103r\u0103 a face distinc\u021bia &icirc;ntre reziden\u021bii permanen\u021bi \u0219i reziden\u021bi temporari. Pre\u0219edintele Asocia\u021bia va fi Angelo Antognetti, un consultant &icirc;n afaceri care locuie\u0219te &icirc;n Cluj de peste 22 de ani &#8222;.<\/p>\t\t\t\t\t\t\t\t<\/div>\n\t\t\t\t<\/div>\n\t\t\t\t\t<\/div>\n\t\t<\/div>\n\t\t\t\t\t<\/div>\n\t\t<\/section>\n\t\t\t\t<\/div>","protected":false},"excerpt":{"rendered":"<p>27 decembrie 2018 Vestea zilei este succesul uimitor pe care l-a avut anun\u021bul despre na\u0219terea asocia\u021biei, care are \u0219i o pagin\u0103 de Facebook de c\u00e2teva zile. Evident, ideea a pl\u0103cut \u0219i nevoia de reprezentare organizat\u0103 este foarte mare, deoarece nu exist\u0103 nicio asocia\u021bie \u00een Cluj care s\u0103 reprezinte cet\u0103\u021benii italieni ca atare, f\u0103r\u0103 nicio distinc\u021bie&hellip;&nbsp;<a href=\"https:\/\/futura.ro\/it\/cluj-asociatia-italienilor-un-succes-uimitor\/\" class=\"\" rel=\"bookmark\">Leggi tutto &raquo;<span class=\"screen-reader-text\">Cluj, asocia\u021bia italienilor, un succes uimitor<\/span><\/a><\/p>","protected":false},"author":1,"featured_media":82,"comment_status":"closed","ping_status":"closed","sticky":false,"template":"","format":"standard","meta":{"neve_meta_sidebar":"left","neve_meta_container":"","neve_meta_enable_content_width":"off","neve_meta_content_width":0,"neve_meta_title_alignment":"","neve_meta_author_avatar":"","neve_post_elements_order":"","neve_meta_disable_header":"","neve_meta_disable_footer":"","neve_meta_disable_title":"","footnotes":""},"categories":[5],"tags":[],"class_list":["post-385","post","type-post","status-publish","format-standard","has-post-thumbnail","hentry","category-evenimente"],"_links":{"self":[{"href":"https:\/\/futura.ro\/it\/wp-json\/wp\/v2\/posts\/385","targetHints":{"allow":["GET"]}}],"collection":[{"href":"https:\/\/futura.ro\/it\/wp-json\/wp\/v2\/posts"}],"about":[{"href":"https:\/\/futura.ro\/it\/wp-json\/wp\/v2\/types\/post"}],"author":[{"embeddable":true,"href":"https:\/\/futura.ro\/it\/wp-json\/wp\/v2\/users\/1"}],"replies":[{"embeddable":true,"href":"https:\/\/futura.ro\/it\/wp-json\/wp\/v2\/comments?post=385"}],"version-history":[{"count":5,"href":"https:\/\/futura.ro\/it\/wp-json\/wp\/v2\/posts\/385\/revisions"}],"predecessor-version":[{"id":464,"href":"https:\/\/futura.ro\/it\/wp-json\/wp\/v2\/posts\/385\/revisions\/464"}],"wp:featuredmedia":[{"embeddable":true,"href":"https:\/\/futura.ro\/it\/wp-json\/wp\/v2\/media\/82"}],"wp:attachment":[{"href":"https:\/\/futura.ro\/it\/wp-json\/wp\/v2\/media?parent=385"}],"wp:term":[{"taxonomy":"category","embeddable":true,"href":"https:\/\/futura.ro\/it\/wp-json\/wp\/v2\/categories?post=385"},{"taxonomy":"post_tag","embeddable":true,"href":"https:\/\/futura.ro\/it\/wp-json\/wp\/v2\/tags?post=385"}],"curies":[{"name":"wp","href":"https:\/\/api.w.org\/{rel}","templated":true}]}}