{"id":390,"date":"2019-02-27T11:42:41","date_gmt":"2019-02-27T09:42:41","guid":{"rendered":"https:\/\/futura.agentweb.ro\/?p=390"},"modified":"2021-03-02T09:49:58","modified_gmt":"2021-03-02T07:49:58","slug":"fraternitatea-italo-romana","status":"publish","type":"post","link":"https:\/\/futura.ro\/it\/fraternitatea-italo-romana\/","title":{"rendered":"Fraternitatea italo-rom\u00e2n\u0103"},"content":{"rendered":"<div data-elementor-type=\"wp-post\" data-elementor-id=\"390\" class=\"elementor elementor-390\">\n\t\t\t\t\t\t<section class=\"elementor-section elementor-top-section elementor-element elementor-element-2c29d7b elementor-section-boxed elementor-section-height-default elementor-section-height-default\" data-id=\"2c29d7b\" data-element_type=\"section\" data-e-type=\"section\" data-settings=\"{&quot;background_background&quot;:&quot;classic&quot;}\">\n\t\t\t\t\t\t<div class=\"elementor-container elementor-column-gap-default\">\n\t\t\t\t\t<div class=\"elementor-column elementor-col-100 elementor-top-column elementor-element elementor-element-fe179bb\" data-id=\"fe179bb\" data-element_type=\"column\" data-e-type=\"column\">\n\t\t\t<div class=\"elementor-widget-wrap elementor-element-populated\">\n\t\t\t\t\t\t<div class=\"elementor-element elementor-element-6fc3557 elementor-widget elementor-widget-text-editor\" data-id=\"6fc3557\" data-element_type=\"widget\" data-e-type=\"widget\" data-widget_type=\"text-editor.default\">\n\t\t\t\t<div class=\"elementor-widget-container\">\n\t\t\t\t\t\t\t\t\t<p>Prezen\u021ba mare a rom&acirc;nilor &icirc;n Italia \u0219i a italienilor &icirc;n Rom&acirc;nia confer\u0103 o dimensiune deosebit\u0103 rela\u021biilor sociale, economice \u0219i culturale dintre cele dou\u0103 \u021b\u0103ri. Noua dinamic\u0103 a rela\u021biilor rom&acirc;no-italiene, &icirc;n special &icirc;n ultimii 12 ani, de la aderarea Rom&acirc;niei la Uniunea European\u0103, va fi explorat\u0103 &icirc;n cadrul conferin\u021bei &bdquo;Fr\u0103\u021bia italo-rom&acirc;n\u0103&rdquo;, care va fi organizat\u0103 pe 24 martie la Cluj- Napoca de c\u0103tre Clubul de Afaceri Italian, cu patronajul Ambasadei Italiei la Bucure\u0219ti \u0219i cu sprijinul Municipalit\u0103\u021bii capitalei provinciei Cluj. Evenimentul va reuni un grup de personalit\u0103\u021bi din lumea politic\u0103, economic\u0103 \u0219i religioas\u0103 a celor dou\u0103 \u021b\u0103ri, inclusiv ambasadorul Italiei la Bucure\u0219ti, Marco Giungi, comisarul european pentru politic\u0103 regional\u0103, Corina Cre\u021bu, Mitropolitul Clujului, Maramure\u0219ului \u0219i S\u0103laj, Andrei Andreicu\u021b, primarul Cluj-Napoca, Emil Boc, consulul onorific al Italiei la Cluj, Massimo Novali, vicepre\u0219edintele Consiliului Provincial al Clujului, Istv&aacute;n V&aacute;k&aacute;r, pre\u0219edintele Institutului Na\u021bional de Asisten\u021b\u0103 Social\u0103 ( INAS), Gianluigi Petteni, ini\u021biatorul proiectului RePatriot al liderilor de afaceri din Rom&acirc;nia, Marius Bostan. Evenimentul este &icirc;mp\u0103r\u021bit &icirc;ntr-o conferin\u021b\u0103 public\u0103 \u0219i un atelier adresat celor interesa\u021bi de problema specific\u0103 a migra\u021biei c\u0103tre \u0219i din Italia, \u021bara &icirc;n care locuie\u0219te &icirc;n str\u0103in\u0103tate cea mai mare comunitate rom&acirc;neasc\u0103. Italian Business Club reaminte\u0219te &icirc;ntr-un comunicat de pres\u0103 c\u0103 cifrele sunt impresionante atunci c&acirc;nd rom&acirc;nilor care locuiesc &icirc;n Peninsula li se al\u0103tur\u0103 &bdquo;a treia genera\u021bie&rdquo;, care include tineri rom&acirc;ni care au crescut &icirc;n Italia, dar care au venit s\u0103 studieze sau s\u0103 lucreze &icirc;n Rom&acirc;nia, familii italiene mixte &#8211; rom&acirc;n\u0103 &icirc;n ambele \u021b\u0103ri, precum \u0219i italienii care locuiesc \u0219i lucreaz\u0103 &icirc;n Rom&acirc;nia sau pensionarii care au ales aceast\u0103 \u021bar\u0103. Se estimeaz\u0103 c\u0103 noua comunitate italo-rom&acirc;n\u0103 a dep\u0103\u0219it 2,5 milioane de oameni, precizeaz\u0103 din nou Clubul de afaceri italian. &Icirc;n cadrul aceluia\u0219i eveniment din 24 martie, va fi prezentat pentru prima dat\u0103 &icirc;n Rom&acirc;nia volumul &#8222;Ca fra\u021bii. Fr\u0103\u021bia italorom&acirc;n\u0103 la 10 ani de la aderarea la Uniunea European\u0103&#8221;, semnat de Marian Mocanu \u0219i Irina Niculescu. Italia de peste 20 de ani, lansat\u0103 pentru prima dat\u0103 &icirc;n februarie 2018 la Academia Rom&acirc;n\u0103 din Roma. Volumul &bdquo;Come Fratelli&rdquo; ofer\u0103 o perspectiv\u0103 larg\u0103 asupra rela\u021biilor rom&acirc;no-italiene, &icirc;n 30 de interviuri exclusive cu personalit\u0103\u021bi proeminente italiene \u0219i rom&acirc;ne, inclusiv Franco Frattini, fost ministru de externe \u0219i fost comisar UE pentru Justi\u021bie, Libertate \u0219i Securitate, comisarul UE Corina Cre\u021bu , sau Mons. Siluan, episcopul Bisericii Ortodoxe Rom&acirc;ne din Italia, scriitorul \u0219i jurnalistul Maurizio Molinari \u0219i actri\u021ba Ileana Popovici.Pe de alt\u0103 parte, volumul a inspirat \u0219i titlul conferin\u021bei, ini\u021biatorul \u0219i organizatorul evenimentului din 24 martie, a explicat Antonio Patan&egrave;, pre\u0219edintele Clubului de afaceri italian, pre\u0219edintele Clujului, &icirc;ntr-un interviu acordat Radio Rom&acirc;nia Internazionale. \u0219i membru al Consiliului Camerei de Comer\u021b Italiene pentru Rom&acirc;nia. Antonio Patan&egrave; s-a referit \u0219i la perspectivele proiectului privind deschiderea unei \u0219coli pentru copiii rom&acirc;nilor care se &icirc;ntorc din Italia \u0219i a italienilor din Cluj, despre care s-a discutat cu ocazia recentei inaugur\u0103ri a consulatului onorific al Italiei la Cluj, precum \u0219i acordul dintre INAS, care a deschis deja o sucursal\u0103 &icirc;n Bucure\u0219ti, \u0219i Asocia\u021bia Italo-Romena Futura, care va &icirc;nchide evenimentul pe 24 martie.<\/p>\n<p><a target=\"_blank\" href=\"https:\/\/www.rri.ro\/it_it\/la_fratellanza_italo_romena_nuova_dimensione_e_valori_comuni_conferenza_a_cluj-2595786?fbclid=IwAR0_miYehln-xWqbZn2A7k6_HnpksVqRjWcfmYbCIzujhKGZRoyVJ5KObfg\" rel=\"nofollow noopener\">https:\/\/www.rri.ro\/it_it\/la_fratellanza_italo_romena_nuova_dimensione_e_valori_comuni_conferenza_a_cluj-2595786?fbclid=IwAR0_miYehln-xWqbZn2A7k6_HnpksVqRjWcfmYbCIzujhKGZRoyVJ5KObfg<\/a><\/p>\t\t\t\t\t\t\t\t<\/div>\n\t\t\t\t<\/div>\n\t\t\t\t\t<\/div>\n\t\t<\/div>\n\t\t\t\t\t<\/div>\n\t\t<\/section>\n\t\t\t\t<\/div>","protected":false},"excerpt":{"rendered":"<p>Prezen\u021ba mare a rom\u00e2nilor \u00een Italia \u0219i a italienilor \u00een Rom\u00e2nia confer\u0103 o dimensiune deosebit\u0103 rela\u021biilor sociale, economice \u0219i culturale dintre cele dou\u0103 \u021b\u0103ri. Noua dinamic\u0103 a rela\u021biilor rom\u00e2no-italiene, \u00een special \u00een ultimii 12 ani, de la aderarea Rom\u00e2niei la Uniunea European\u0103, va fi explorat\u0103 \u00een cadrul conferin\u021bei \u201eFr\u0103\u021bia italo-rom\u00e2n\u0103\u201d, care va fi organizat\u0103 pe&hellip;&nbsp;<a href=\"https:\/\/futura.ro\/it\/fraternitatea-italo-romana\/\" class=\"\" rel=\"bookmark\">Leggi tutto &raquo;<span class=\"screen-reader-text\">Fraternitatea italo-rom\u00e2n\u0103<\/span><\/a><\/p>","protected":false},"author":1,"featured_media":395,"comment_status":"closed","ping_status":"closed","sticky":false,"template":"","format":"standard","meta":{"neve_meta_sidebar":"left","neve_meta_container":"","neve_meta_enable_content_width":"off","neve_meta_content_width":0,"neve_meta_title_alignment":"","neve_meta_author_avatar":"","neve_post_elements_order":"","neve_meta_disable_header":"","neve_meta_disable_footer":"","neve_meta_disable_title":"","footnotes":""},"categories":[5],"tags":[],"class_list":["post-390","post","type-post","status-publish","format-standard","has-post-thumbnail","hentry","category-evenimente"],"_links":{"self":[{"href":"https:\/\/futura.ro\/it\/wp-json\/wp\/v2\/posts\/390","targetHints":{"allow":["GET"]}}],"collection":[{"href":"https:\/\/futura.ro\/it\/wp-json\/wp\/v2\/posts"}],"about":[{"href":"https:\/\/futura.ro\/it\/wp-json\/wp\/v2\/types\/post"}],"author":[{"embeddable":true,"href":"https:\/\/futura.ro\/it\/wp-json\/wp\/v2\/users\/1"}],"replies":[{"embeddable":true,"href":"https:\/\/futura.ro\/it\/wp-json\/wp\/v2\/comments?post=390"}],"version-history":[{"count":5,"href":"https:\/\/futura.ro\/it\/wp-json\/wp\/v2\/posts\/390\/revisions"}],"predecessor-version":[{"id":465,"href":"https:\/\/futura.ro\/it\/wp-json\/wp\/v2\/posts\/390\/revisions\/465"}],"wp:featuredmedia":[{"embeddable":true,"href":"https:\/\/futura.ro\/it\/wp-json\/wp\/v2\/media\/395"}],"wp:attachment":[{"href":"https:\/\/futura.ro\/it\/wp-json\/wp\/v2\/media?parent=390"}],"wp:term":[{"taxonomy":"category","embeddable":true,"href":"https:\/\/futura.ro\/it\/wp-json\/wp\/v2\/categories?post=390"},{"taxonomy":"post_tag","embeddable":true,"href":"https:\/\/futura.ro\/it\/wp-json\/wp\/v2\/tags?post=390"}],"curies":[{"name":"wp","href":"https:\/\/api.w.org\/{rel}","templated":true}]}}