{"id":552,"date":"2022-04-24T17:06:49","date_gmt":"2022-04-24T14:06:49","guid":{"rendered":"https:\/\/futura.ro\/?p=552"},"modified":"2023-12-14T14:35:29","modified_gmt":"2023-12-14T12:35:29","slug":"futura-a-palermo-per-omaggiare-balcescu","status":"publish","type":"post","link":"https:\/\/futura.ro\/it\/futura-a-palermo-per-omaggiare-balcescu\/","title":{"rendered":"Asociatia FUTURA la Palermo pentru a-i aduce un omagiu lui B\u0103lcescu   ***   FUTURA a Palermo per Omaggiare Balcescu"},"content":{"rendered":"<p>Asociatia Futura \u00een colaborare cu Com.It.Es Rom\u00e2nia \u0219i Asocia\u021bia Desteapta- Te Romane din Palermo a adus un omagiu marelui cet\u0103\u021bean rom\u00e2n Nicolae B\u0103lcescu, istoric \u0219i patriot rom\u00e2n n\u0103scut la Bucure\u0219ti \u00een 1819. \u00cen 1847 a venit la Palermo pentru a efectua unele cercet\u0103ri \u00een arhive \u0219i bibliotecile orasului. S-a mutat \u00een Fran\u021ba, particip\u00e2nd la revoltele din 1848. Lovit de tuberculoz\u0103, s-a \u00eentors \u00een Sicilia sper\u00e2nd s\u0103 se \u00eens\u0103n\u0103to\u0219easc\u0103 datorit\u0103 climei, dar \u00een 1852, la doar 33 de ani, a murit la Palermo. A fost \u00eenmorm\u00e2ntat \u00eempreun\u0103 cu capucinii \u00eentr-un morm\u00e2nt comun acum pierdut, ulterior i s-a ridicat un monument funerar \u00een cimitirul Rotoli.Ora\u0219ul Palermo i-a dedicat \u0219i o strad\u0103 \u00een cartierul Noce, un bust \u00een interiorul Villa Garibaldi \u0219i o plac\u0103 de marmur\u0103. \u00een via Butera 24, \u00een fosta cl\u0103dire Albergo Trinacria. O zi frumoasa insotita de oameni de mare prestigiu, italieni si romani, care impreuna cu Politia Locala Palermo, in uniforma pentru ocazie, au dat prestigiu initiativei! Prezen\u021be de prestigiu, a\u0219a cum spuneam: dl. Gianni Calderone, Pre\u0219edinte Com.It.Es \u0219i Vicepre\u0219edinte Futura; dl. Vasile Bodoga, Pre\u0219edintele Asocia\u021biei Desteapta-te-Romane, dl. Cesare Insinsola, Resp Inas Rom\u00e2nia; consilierul municipiului Palermo Giusto Catania \u0219i multe alte personalitati de \u00eenalt nivel ale ora\u0219ului sicilian. S-a citit \u0219i mesajul transmis de secretarul de stat George Carciu al Departamentului de Stat pentru Rom\u00e2nii din Str\u0103in\u0103tate. Este de la sine \u00een\u021beles c\u0103 \u00een Palermo locuiau zeci de rom\u00e2ni!<\/p>\n<p><strong> ***<\/strong><\/p>\n<p>Futura in collaborazione con il ComItEs Romania e l&#8217;Associazione Desteap Te Romane di Palermo ha omaggiato il grande cittadino rumeno Nicolae Balcescu,\u00a0storico e patriota romeno nato a Bucarest nel 1819. Nel 1847 venne a Palermo per condurre alcune ricerche presso gli archivi e biblioteche della citt\u00e0. Si spost\u00f2 in Francia partecipando ai moti del 1848. Colpito dalla tubercolosi fece ritorno in Sicilia sperando in una guarigione grazie al suo clima, ma nel 1852, a soli 33 anni, mor\u00ec a Palermo. Venne sepolto ai Cappuccini in una tomba comune ormai dispersa, successivamente gli venne eretto un monumento funebre al cimitero dei Rotoli.La citt\u00e0 di Palermo gli ha dedicato inoltre una strada nel quartiere Noce, un busto all&#8217;interno di Villa Garibaldi e una targa marmorea in via Butera 24, nell&#8217;edificio ex Albergo Trinacria. Una bellissima giornata accompagnata\u00a0 da personaggi di grande prestigio, Italiani e Rumeni, che insieme alla Polizia Locale di Palermo, per l&#8217;occasione in alta uniforme, hanno dato lustro all&#8217;iniziativa! Presenze di prestigio dicevamo: Gianni Calderone, Presidente Com.It.Es e Vicepresidente Futura; Vasile Bodoga, Presidente Associazione Desteapta-te-Romane, Cesare Insinsola,\u00a0 Resp Inas Romania; l&#8217;Assessore al Comune di Palermo Giusto Catania e molti altri personaggi di livello della citta&#8217; Siciliana. E&#8217; stato letto anche il messaggio inviato dal segretario di stato Gheorge Carciu del Dipartimento di Stato per i Rumeni all&#8217;estero. Inutile dire che i rumeni residenti a Palermo erano decine!<img decoding=\"async\" class=\"size-thumbnail wp-image-554 alignleft\" src=\"https:\/\/futura.ro\/wp-content\/uploads\/2022\/06\/io-a-balcescu-150x150.jpg\" alt=\"\" width=\"150\" height=\"150\" srcset=\"https:\/\/futura.ro\/wp-content\/uploads\/2022\/06\/io-a-balcescu-150x150.jpg 150w, https:\/\/futura.ro\/wp-content\/uploads\/2022\/06\/io-a-balcescu-11x12.jpg 11w\" sizes=\"(max-width: 150px) 100vw, 150px\" \/><\/p>\n<p><img decoding=\"async\" class=\"size-thumbnail wp-image-553 alignnone\" src=\"https:\/\/futura.ro\/wp-content\/uploads\/2022\/06\/WhatsApp-Image-2022-06-11-at-08.09.53-150x150.jpeg\" alt=\"\" width=\"150\" height=\"150\" srcset=\"https:\/\/futura.ro\/wp-content\/uploads\/2022\/06\/WhatsApp-Image-2022-06-11-at-08.09.53-150x150.jpeg 150w, https:\/\/futura.ro\/wp-content\/uploads\/2022\/06\/WhatsApp-Image-2022-06-11-at-08.09.53-11x12.jpeg 11w\" sizes=\"(max-width: 150px) 100vw, 150px\" \/><\/p>","protected":false},"excerpt":{"rendered":"<p>Asociatia Futura \u00een colaborare cu Com.It.Es Rom\u00e2nia \u0219i Asocia\u021bia Desteapta- Te Romane din Palermo a adus un omagiu marelui cet\u0103\u021bean rom\u00e2n Nicolae B\u0103lcescu, istoric \u0219i patriot rom\u00e2n n\u0103scut la Bucure\u0219ti \u00een 1819. \u00cen 1847 a venit la Palermo pentru a efectua unele cercet\u0103ri \u00een arhive \u0219i bibliotecile orasului. S-a mutat \u00een Fran\u021ba, particip\u00e2nd la revoltele&hellip;&nbsp;<a href=\"https:\/\/futura.ro\/it\/futura-a-palermo-per-omaggiare-balcescu\/\" class=\"\" rel=\"bookmark\">Leggi tutto &raquo;<span class=\"screen-reader-text\">Asociatia FUTURA la Palermo pentru a-i aduce un omagiu lui B\u0103lcescu   ***   FUTURA a Palermo per Omaggiare Balcescu<\/span><\/a><\/p>","protected":false},"author":2,"featured_media":555,"comment_status":"closed","ping_status":"closed","sticky":false,"template":"","format":"standard","meta":{"neve_meta_sidebar":"","neve_meta_container":"","neve_meta_enable_content_width":"off","neve_meta_content_width":0,"neve_meta_title_alignment":"","neve_meta_author_avatar":"","neve_post_elements_order":"","neve_meta_disable_header":"","neve_meta_disable_footer":"","neve_meta_disable_title":"","footnotes":""},"categories":[1],"tags":[],"class_list":["post-552","post","type-post","status-publish","format-standard","has-post-thumbnail","hentry","category-uncategorized"],"_links":{"self":[{"href":"https:\/\/futura.ro\/it\/wp-json\/wp\/v2\/posts\/552","targetHints":{"allow":["GET"]}}],"collection":[{"href":"https:\/\/futura.ro\/it\/wp-json\/wp\/v2\/posts"}],"about":[{"href":"https:\/\/futura.ro\/it\/wp-json\/wp\/v2\/types\/post"}],"author":[{"embeddable":true,"href":"https:\/\/futura.ro\/it\/wp-json\/wp\/v2\/users\/2"}],"replies":[{"embeddable":true,"href":"https:\/\/futura.ro\/it\/wp-json\/wp\/v2\/comments?post=552"}],"version-history":[{"count":3,"href":"https:\/\/futura.ro\/it\/wp-json\/wp\/v2\/posts\/552\/revisions"}],"predecessor-version":[{"id":785,"href":"https:\/\/futura.ro\/it\/wp-json\/wp\/v2\/posts\/552\/revisions\/785"}],"wp:featuredmedia":[{"embeddable":true,"href":"https:\/\/futura.ro\/it\/wp-json\/wp\/v2\/media\/555"}],"wp:attachment":[{"href":"https:\/\/futura.ro\/it\/wp-json\/wp\/v2\/media?parent=552"}],"wp:term":[{"taxonomy":"category","embeddable":true,"href":"https:\/\/futura.ro\/it\/wp-json\/wp\/v2\/categories?post=552"},{"taxonomy":"post_tag","embeddable":true,"href":"https:\/\/futura.ro\/it\/wp-json\/wp\/v2\/tags?post=552"}],"curies":[{"name":"wp","href":"https:\/\/api.w.org\/{rel}","templated":true}]}}