{"id":565,"date":"2022-05-01T17:25:13","date_gmt":"2022-05-01T14:25:13","guid":{"rendered":"https:\/\/futura.ro\/?p=565"},"modified":"2023-12-14T14:38:59","modified_gmt":"2023-12-14T12:38:59","slug":"futura-caldeggia-il-gemellaggio-tra-marineosicilia-e-gherla-transilvania-2","status":"publish","type":"post","link":"https:\/\/futura.ro\/it\/futura-caldeggia-il-gemellaggio-tra-marineosicilia-e-gherla-transilvania-2\/","title":{"rendered":"FUTURA sprijin\u0103 \u00eenfr\u0103\u021birea Marineo (Sicilia) \u0219i Gherla (Transilvania)   ***   FUTURA caldeggia il gemellaggio tra Marineo(sicilia) e Gherla (transilvania)"},"content":{"rendered":"<p>Incepem o c\u0103l\u0103torie important\u0103 cu regiunea Sicilia. Gianni Calderone, \u00een dublul s\u0103u rol de vicepre\u0219edinte al FUTURA \u0219i pre\u0219edinte al Comites Rom\u00e2nia, s-a \u00eent\u00e2lnit cu reprezentan\u021bi de frunte ai regiunii Sicilia, \u00een vederea unei \u00eenfr\u0103\u021biri simbolice \u00eentre Trinacria \u0219i Rom\u00e2nia. De altfel, au fost atinse diverse subiecte, printre care turismul, includerea numero\u0219ilor cet\u0103\u021beni rom\u00e2ni din Sicilia \u0219i mul\u021bi, mul\u021bi sicilieni care au ales s\u0103 locuiasc\u0103 pe p\u0103m\u00e2ntul care a fost al lui Decebal. Normal c\u0103 s-a vorbit despre o expozi\u021bie de produse siciliene, \u00een colaborare cu Regiunea Sicilia, care s\u0103 fie preg\u0103tit\u0103 pentru septembrie la Bucure\u0219ti. Printre alte \u00eent\u00e2lniri la nivel \u00eenalt, exponentul Futura l-a \u00eent\u00e2lnit pe primarul din Marineo, ora\u0219ul de origine al familiei Calderone, Franco Ribaudo, care spera la o \u00eenfr\u0103\u021bire cu ora\u0219ul Gherla, localitate care l-a g\u0103zduit de mai multe ori pe Gianni Calderone \u00een Rom\u00e2nia.<\/p>\n<p>&nbsp;<\/p>\n<p><strong>\u00a0 \u00a0 \u00a0 ***<\/strong><\/p>\n<p>&nbsp;<\/p>\n<p>Iniziamo un percorso importante con la regione Sicilia. Gianni Calderone nella sua duplice veste di vice presidente di FUTURA e Presidente del Comites Romania si e&#8217; incontrato con esponenti di primo piano della regione Sicilia in vista di un simbolico gemellaggio tra la Trinacria e la Romania. In effetti si sono toccati diversi argomenti tra i quali il turismo, l&#8217;inserimento dei numerosi cittadini rumeni in sicilia e dei molti, moltissimi, siciliani che hanno scelto di vivere nella terra che fu di Decebal. Naturalmente si e&#8217; parlato di un esposizione di prodotti siciliani , in collaborazione con la Regione Sicilia, da preparare per settembre a Bucarest. Tra gli altri incontri di altissimo livello l&#8217;esponente di Futura ha incontrato il Sindaco di Marineo, paese di origine della famiglia Calderone, Franco Ribaudo, che ha auspicato un gemellaggio con la citta&#8217; di Gherla paese che ha ospitato Gianni Calderone in Romania da tanti anni.<img decoding=\"async\" class=\"size-thumbnail wp-image-559 alignleft\" src=\"https:\/\/futura.ro\/wp-content\/uploads\/2022\/06\/foto-con-ribaudo-150x150.jpg\" alt=\"\" width=\"150\" height=\"150\" srcset=\"https:\/\/futura.ro\/wp-content\/uploads\/2022\/06\/foto-con-ribaudo-150x150.jpg 150w, https:\/\/futura.ro\/wp-content\/uploads\/2022\/06\/foto-con-ribaudo-12x12.jpg 12w\" sizes=\"(max-width: 150px) 100vw, 150px\" \/><\/p>","protected":false},"excerpt":{"rendered":"<p>Incepem o c\u0103l\u0103torie important\u0103 cu regiunea Sicilia. Gianni Calderone, \u00een dublul s\u0103u rol de vicepre\u0219edinte al FUTURA \u0219i pre\u0219edinte al Comites Rom\u00e2nia, s-a \u00eent\u00e2lnit cu reprezentan\u021bi de frunte ai regiunii Sicilia, \u00een vederea unei \u00eenfr\u0103\u021biri simbolice \u00eentre Trinacria \u0219i Rom\u00e2nia. De altfel, au fost atinse diverse subiecte, printre care turismul, includerea numero\u0219ilor cet\u0103\u021beni rom\u00e2ni din&hellip;&nbsp;<a href=\"https:\/\/futura.ro\/it\/futura-caldeggia-il-gemellaggio-tra-marineosicilia-e-gherla-transilvania-2\/\" class=\"\" rel=\"bookmark\">Leggi tutto &raquo;<span class=\"screen-reader-text\">FUTURA sprijin\u0103 \u00eenfr\u0103\u021birea Marineo (Sicilia) \u0219i Gherla (Transilvania)   ***   FUTURA caldeggia il gemellaggio tra Marineo(sicilia) e Gherla (transilvania)<\/span><\/a><\/p>","protected":false},"author":2,"featured_media":559,"comment_status":"closed","ping_status":"closed","sticky":false,"template":"","format":"standard","meta":{"neve_meta_sidebar":"","neve_meta_container":"","neve_meta_enable_content_width":"off","neve_meta_content_width":0,"neve_meta_title_alignment":"","neve_meta_author_avatar":"","neve_post_elements_order":"","neve_meta_disable_header":"","neve_meta_disable_footer":"","neve_meta_disable_title":"","footnotes":""},"categories":[1],"tags":[],"class_list":["post-565","post","type-post","status-publish","format-standard","has-post-thumbnail","hentry","category-uncategorized"],"_links":{"self":[{"href":"https:\/\/futura.ro\/it\/wp-json\/wp\/v2\/posts\/565","targetHints":{"allow":["GET"]}}],"collection":[{"href":"https:\/\/futura.ro\/it\/wp-json\/wp\/v2\/posts"}],"about":[{"href":"https:\/\/futura.ro\/it\/wp-json\/wp\/v2\/types\/post"}],"author":[{"embeddable":true,"href":"https:\/\/futura.ro\/it\/wp-json\/wp\/v2\/users\/2"}],"replies":[{"embeddable":true,"href":"https:\/\/futura.ro\/it\/wp-json\/wp\/v2\/comments?post=565"}],"version-history":[{"count":3,"href":"https:\/\/futura.ro\/it\/wp-json\/wp\/v2\/posts\/565\/revisions"}],"predecessor-version":[{"id":787,"href":"https:\/\/futura.ro\/it\/wp-json\/wp\/v2\/posts\/565\/revisions\/787"}],"wp:featuredmedia":[{"embeddable":true,"href":"https:\/\/futura.ro\/it\/wp-json\/wp\/v2\/media\/559"}],"wp:attachment":[{"href":"https:\/\/futura.ro\/it\/wp-json\/wp\/v2\/media?parent=565"}],"wp:term":[{"taxonomy":"category","embeddable":true,"href":"https:\/\/futura.ro\/it\/wp-json\/wp\/v2\/categories?post=565"},{"taxonomy":"post_tag","embeddable":true,"href":"https:\/\/futura.ro\/it\/wp-json\/wp\/v2\/tags?post=565"}],"curies":[{"name":"wp","href":"https:\/\/api.w.org\/{rel}","templated":true}]}}