{"id":600,"date":"2022-09-12T14:19:16","date_gmt":"2022-09-12T11:19:16","guid":{"rendered":"https:\/\/futura.ro\/?p=600"},"modified":"2023-12-13T16:30:31","modified_gmt":"2023-12-13T14:30:31","slug":"nasce-la-nuova-futura-nazionalenuovo-statuto-e-nuovi-incarichi-per-futura","status":"publish","type":"post","link":"https:\/\/futura.ro\/it\/nasce-la-nuova-futura-nazionalenuovo-statuto-e-nuovi-incarichi-per-futura\/","title":{"rendered":"Se na\u0219te FUTURA LA NIVEL NA\u021aIONAL, nou Statut \u0219i noi sarcini pentru Asocia\u021bie  ***   Nasce la nuova &#8221;FUTURA NAZIONALE&#8221;, nuovo Statuto e nuovi incarichi per Futura."},"content":{"rendered":"<p><strong>S-a n\u0103scut noua versiune de Futura.<\/strong><\/p>\n<p>Ast\u0103zi, odat\u0103 cu venirea noului Statut, Futura cap\u0103t\u0103 dimensiunea na\u021bional\u0103 \u0219i se preg\u0103te\u0219te de marele salt de a reprezenta \u00eentreaga comunitate italo-rom\u00e2n\u0103 prezent\u0103 \u00een teritoriile potrivite nou\u0103.<\/p>\n<p>O schimbare de v\u00e2rf care a fost planificat\u0103 de la \u00eenfiin\u021bare a dus la re\u00eennoirea total\u0103 a posturilor care sunt dup\u0103 cum urmeaz\u0103:<\/p>\n<p>\u00cen cadrul adun\u0103rii generale au fost ale\u0219i pentru o perioad\u0103 de 5 ani:<\/p>\n<p>&#8211; in cabinetul <strong>pre\u0219edintelui domnului CALDERONE GIANNI<\/strong> cet\u0103\u021bean italian \u0219i roman, cu domiciliul \u00een Rom\u00e2nia, municipiul Gherla, Cluj<\/p>\n<p>&#8211; \u00een func\u021bia de <strong>prim-vicepre\u0219edinte domnul ANTOGNETTI ANGELO<\/strong>, cet\u0103\u021bean italian, cu domiciliul \u00een Rom\u00e2nia, municipiul Cluj-Napoca;<\/p>\n<p>&#8211; in rolul de <strong>Vicepre\u0219edinte domnul PATANE ANTONINO PIER FRANCESCO<\/strong>, cet\u0103\u021bean italian, domiciliat \u00een Rom\u00e2nia, municipiul Cluj Napoca, care va exercita \u0219i func\u021bia de Ambasador \u201eFUTURA \u00ceN LUME\u201d;<\/p>\n<p>&#8211; in rolul de <strong>vicepre\u0219edinte dl. INSINSOLA CESARE PAOLO<\/strong>, cet\u0103\u021bean italian, domiciliat \u00een Rom\u00e2nia, municipiul Bucuresti;<\/p>\n<p>&#8211; a fost ales <strong>Coordonator Na\u021bional dl. CESARE PIO DOMENICO<\/strong>, cet\u0103\u021bean italian, cu domiciliul \u00een Rom\u00e2nia, municipiul Bucuresti.<br \/>\n\u00cen cadrul Adun\u0103rii Generale a Asocia\u021biei au fost numi\u021bi urm\u0103torii <strong>membrii ai Comisiei de disciplin\u0103:<\/strong><br \/>\n&#8211; <strong>Pre\u0219edinte: domnul GIGLIO GIUSEPPE ALFONSO<\/strong>, cet\u0103\u021bean italian, domiciliat \u00een Rom\u00e2nia, \u00a0(desemnat de Consiliul de Administra\u021bie);<br \/>\n&#8211; <strong>membru: domnul BOLDRIN MICHELE<\/strong>, cet\u0103\u0163ean italian, cu domiciliul \u00een Rom\u00e2nia, Cluj (desemnat de Pre\u015fedintele Asocia\u0163iei);<br \/>\n&#8211; <strong>membru: domnul ZILLI GIUSEPPE<\/strong>, cet\u0103\u0163ean italian, cu domiciliul \u00een Cluj Napoca (numit de Prim-vicepre\u015fedinte).<\/p>\n<p><strong>***<\/strong><\/p>\n<p><strong>Nasce la nuova versione di Futura. <\/strong><\/p>\n<p>Oggi, con l&#8217;arrivo del nuovo Statuto, Futura acquisisce la dimensione Nazionale e si prepara al grande salto per rappresentare tutta la comunita Italo-Rumena presente nei territori a noi consoni.<\/p>\n<p>Un cambio al vertice programmato oramai dalla sua costituzione ha portato al rinnovo totale delle cariche che risultano cosi&#8217;composte:<\/p>\n<p>Durante l&#8217;assemblea generale del sono stati eletti per un periodo di 5 anni:<\/p>\n<p>&#8211; nella carica di <strong>Presidente Sig. CALDERONE GIANNI<\/strong> Cittadino italiano, residente in Romania, comune di Gherla, Cluj<\/p>\n<p>&#8211; nella carica di <strong>Primo Vicepresidente Sig. ANTOGNETTI ANGELO<\/strong>, cittadino italiano, residente in Romania, comune di Cluj-Napoca;<\/p>\n<p>&#8211; nella carica di<strong> Vice Presidente Sig. PATANE ANTONINO PIER FRANCESCO<\/strong>, cittadino italiano, domiciliato in Romania, comune di Cluj Napoca, che eserciter\u00e0 anche la funzione di Ambasciatore &#8222;FUTURA NEL MONDO\u201d;<\/p>\n<p>&#8211; nella carica di <strong>Vicepresidente sig. INSINSOLA CESARE PAOLO<\/strong>, cittadino italiano, domiciliato in Romania comune di Bucarest;<\/p>\n<p>&#8211; . \u00e8 stato eletto <strong>Coordinatore Nazionale. CESARE PIO DOMENICO<\/strong>, cittadino italiano, residente in Romania, comune di Bucarest.<br \/>\nNel corso dell&#8217;Assemblea Generale dell&#8217;Associazione sono stati nominati i seguenti <strong>membri della Commissione Disciplinare<\/strong>:<br \/>\n&#8211; <strong>Presidente: Sig. GIGLIO GIUSEPPE ALFONS<\/strong>O, cittadino italiano, domicilio in Romania, \u00a0(nominato dal Consiglio di Amministrazione);<br \/>\n&#8211; <strong>membro: Sig. BOLDRIN MICHELE<\/strong>, cittadino italiano,con residenza in Romania, Cluj (nominato dal Presidente dell&#8217;Associazione);<br \/>\n&#8211; <strong>membro: Sig. ZILLI GIUSEPPE<\/strong>, cittadino italiano, domiciliato in Cluj Napoca(nominato dal Primo Vicepresidente).<\/p>\n<div class=\"t pg-18m0 pg-18x0 pg-18h3 pg-18y26 pg-18ff1 pg-18fs0 pg-18fc0 pg-18sc0 pg-18ls0 pg-18ws0\"><\/div>\n<p><img decoding=\"async\" class=\"size-thumbnail wp-image-601 alignnone\" src=\"https:\/\/futura.ro\/wp-content\/uploads\/2022\/10\/ANGELO-GIANNI-1-150x150.jpg\" alt=\"\" width=\"150\" height=\"150\" \/><\/p>","protected":false},"excerpt":{"rendered":"<p>S-a n\u0103scut noua versiune de Futura. Ast\u0103zi, odat\u0103 cu venirea noului Statut, Futura cap\u0103t\u0103 dimensiunea na\u021bional\u0103 \u0219i se preg\u0103te\u0219te de marele salt de a reprezenta \u00eentreaga comunitate italo-rom\u00e2n\u0103 prezent\u0103 \u00een teritoriile potrivite nou\u0103. O schimbare de v\u00e2rf care a fost planificat\u0103 de la \u00eenfiin\u021bare a dus la re\u00eennoirea total\u0103 a posturilor care sunt dup\u0103 cum&hellip;&nbsp;<a href=\"https:\/\/futura.ro\/it\/nasce-la-nuova-futura-nazionalenuovo-statuto-e-nuovi-incarichi-per-futura\/\" class=\"\" rel=\"bookmark\">Leggi tutto &raquo;<span class=\"screen-reader-text\">Se na\u0219te FUTURA LA NIVEL NA\u021aIONAL, nou Statut \u0219i noi sarcini pentru Asocia\u021bie  ***   Nasce la nuova &#8221;FUTURA NAZIONALE&#8221;, nuovo Statuto e nuovi incarichi per Futura.<\/span><\/a><\/p>","protected":false},"author":2,"featured_media":601,"comment_status":"closed","ping_status":"closed","sticky":false,"template":"","format":"standard","meta":{"neve_meta_sidebar":"","neve_meta_container":"","neve_meta_enable_content_width":"off","neve_meta_content_width":0,"neve_meta_title_alignment":"","neve_meta_author_avatar":"","neve_post_elements_order":"","neve_meta_disable_header":"","neve_meta_disable_footer":"","neve_meta_disable_title":"","footnotes":""},"categories":[1],"tags":[],"class_list":["post-600","post","type-post","status-publish","format-standard","has-post-thumbnail","hentry","category-uncategorized"],"_links":{"self":[{"href":"https:\/\/futura.ro\/it\/wp-json\/wp\/v2\/posts\/600","targetHints":{"allow":["GET"]}}],"collection":[{"href":"https:\/\/futura.ro\/it\/wp-json\/wp\/v2\/posts"}],"about":[{"href":"https:\/\/futura.ro\/it\/wp-json\/wp\/v2\/types\/post"}],"author":[{"embeddable":true,"href":"https:\/\/futura.ro\/it\/wp-json\/wp\/v2\/users\/2"}],"replies":[{"embeddable":true,"href":"https:\/\/futura.ro\/it\/wp-json\/wp\/v2\/comments?post=600"}],"version-history":[{"count":7,"href":"https:\/\/futura.ro\/it\/wp-json\/wp\/v2\/posts\/600\/revisions"}],"predecessor-version":[{"id":765,"href":"https:\/\/futura.ro\/it\/wp-json\/wp\/v2\/posts\/600\/revisions\/765"}],"wp:featuredmedia":[{"embeddable":true,"href":"https:\/\/futura.ro\/it\/wp-json\/wp\/v2\/media\/601"}],"wp:attachment":[{"href":"https:\/\/futura.ro\/it\/wp-json\/wp\/v2\/media?parent=600"}],"wp:term":[{"taxonomy":"category","embeddable":true,"href":"https:\/\/futura.ro\/it\/wp-json\/wp\/v2\/categories?post=600"},{"taxonomy":"post_tag","embeddable":true,"href":"https:\/\/futura.ro\/it\/wp-json\/wp\/v2\/tags?post=600"}],"curies":[{"name":"wp","href":"https:\/\/api.w.org\/{rel}","templated":true}]}}