{"id":642,"date":"2023-01-06T11:22:45","date_gmt":"2023-01-06T09:22:45","guid":{"rendered":"https:\/\/futura.ro\/?p=642"},"modified":"2023-12-13T11:38:03","modified_gmt":"2023-12-13T09:38:03","slug":"il-presidente-di-futura-incontra-il-sindaco-di-palermo","status":"publish","type":"post","link":"https:\/\/futura.ro\/it\/il-presidente-di-futura-incontra-il-sindaco-di-palermo\/","title":{"rendered":"Pre\u0219edintele Asocia\u021biei Futura se \u00eent\u00e2lne\u0219te cu Primarul din Palermo  ***   Il Presidente di Futura incontra il Sindaco di Palermo"},"content":{"rendered":"<p>Pre\u0219edintele Futura, Gianni Calderone, se \u00eent\u00e2lne\u0219te cu noul primar al ora\u0219ului Palermo \u0219i cu c\u00e2\u021biva membri ai Consiliului Regional Sicilian pentru a prezenta proiectele pe care Asocia\u021bia \u201eFUTURA\u201d le realizeaz\u0103 pentru comunitatea italian\u0103 din Rom\u00e2nia.<\/p>\n<p>Mul\u021bumim dragului nostru prieten Prof. Ciro Spataro care l-a \u00eenso\u021bit pe Pre\u0219edintele nostru.<\/p>\n<p><strong> \u00a0 \u00a0***<\/strong><\/p>\n<p><img decoding=\"async\" class=\"aligncenter size-thumbnail wp-image-643\" src=\"https:\/\/futura.ro\/wp-content\/uploads\/2023\/01\/6D721C1E-F8D4-4730-81DA-5BA818197EFA-150x150.jpeg\" alt=\"\" width=\"150\" height=\"150\" \/><\/p>\n<p>Il Presidente di Futura, Gianni Calderone incontra il neo Sindaco di Palermo ed alcuni membri della Giunta Regionale Siciliana per presentare i progetti che \u201cFUTURA \u201c sta portando avanti per la Comunit\u00e0 Italiana in Romania.<\/p>\n<p>Ringraziamo il caro Amico Prof Ciro Spataro che ha accompagnato il nostro Presidente<\/p>","protected":false},"excerpt":{"rendered":"<p>Pre\u0219edintele Futura, Gianni Calderone, se \u00eent\u00e2lne\u0219te cu noul primar al ora\u0219ului Palermo \u0219i cu c\u00e2\u021biva membri ai Consiliului Regional Sicilian pentru a prezenta proiectele pe care Asocia\u021bia \u201eFUTURA\u201d le realizeaz\u0103 pentru comunitatea italian\u0103 din Rom\u00e2nia. Mul\u021bumim dragului nostru prieten Prof. Ciro Spataro care l-a \u00eenso\u021bit pe Pre\u0219edintele nostru. \u00a0 \u00a0*** Il Presidente di Futura, Gianni&hellip;&nbsp;<a href=\"https:\/\/futura.ro\/it\/il-presidente-di-futura-incontra-il-sindaco-di-palermo\/\" class=\"\" rel=\"bookmark\">Leggi tutto &raquo;<span class=\"screen-reader-text\">Pre\u0219edintele Asocia\u021biei Futura se \u00eent\u00e2lne\u0219te cu Primarul din Palermo  ***   Il Presidente di Futura incontra il Sindaco di Palermo<\/span><\/a><\/p>","protected":false},"author":2,"featured_media":645,"comment_status":"closed","ping_status":"closed","sticky":false,"template":"","format":"standard","meta":{"neve_meta_sidebar":"","neve_meta_container":"","neve_meta_enable_content_width":"off","neve_meta_content_width":0,"neve_meta_title_alignment":"","neve_meta_author_avatar":"","neve_post_elements_order":"","neve_meta_disable_header":"","neve_meta_disable_footer":"","neve_meta_disable_title":"","footnotes":""},"categories":[1],"tags":[],"class_list":["post-642","post","type-post","status-publish","format-standard","has-post-thumbnail","hentry","category-uncategorized"],"_links":{"self":[{"href":"https:\/\/futura.ro\/it\/wp-json\/wp\/v2\/posts\/642","targetHints":{"allow":["GET"]}}],"collection":[{"href":"https:\/\/futura.ro\/it\/wp-json\/wp\/v2\/posts"}],"about":[{"href":"https:\/\/futura.ro\/it\/wp-json\/wp\/v2\/types\/post"}],"author":[{"embeddable":true,"href":"https:\/\/futura.ro\/it\/wp-json\/wp\/v2\/users\/2"}],"replies":[{"embeddable":true,"href":"https:\/\/futura.ro\/it\/wp-json\/wp\/v2\/comments?post=642"}],"version-history":[{"count":4,"href":"https:\/\/futura.ro\/it\/wp-json\/wp\/v2\/posts\/642\/revisions"}],"predecessor-version":[{"id":754,"href":"https:\/\/futura.ro\/it\/wp-json\/wp\/v2\/posts\/642\/revisions\/754"}],"wp:featuredmedia":[{"embeddable":true,"href":"https:\/\/futura.ro\/it\/wp-json\/wp\/v2\/media\/645"}],"wp:attachment":[{"href":"https:\/\/futura.ro\/it\/wp-json\/wp\/v2\/media?parent=642"}],"wp:term":[{"taxonomy":"category","embeddable":true,"href":"https:\/\/futura.ro\/it\/wp-json\/wp\/v2\/categories?post=642"},{"taxonomy":"post_tag","embeddable":true,"href":"https:\/\/futura.ro\/it\/wp-json\/wp\/v2\/tags?post=642"}],"curies":[{"name":"wp","href":"https:\/\/api.w.org\/{rel}","templated":true}]}}