{"id":655,"date":"2023-01-21T10:55:03","date_gmt":"2023-01-21T08:55:03","guid":{"rendered":"https:\/\/futura.ro\/?p=655"},"modified":"2023-12-13T11:36:27","modified_gmt":"2023-12-13T09:36:27","slug":"futura-si-incontra-a-oradea-con-i-rappresentanti-di-italiani-in-bihor","status":"publish","type":"post","link":"https:\/\/futura.ro\/it\/futura-si-incontra-a-oradea-con-i-rappresentanti-di-italiani-in-bihor\/","title":{"rendered":"FUTURA se \u00eent\u00e2lne\u0219te la Oradea cu reprezentan\u021bi ai Asocia\u021biei &#8221;Italienii din Bihor&#8221;  ***  FUTURA si incontra a Oradea con i rappresentanti di &#8221;Italiani in Bihor&#8221;"},"content":{"rendered":"<p>\u00cent\u00e2lnire pozitiv\u0103 a asocia\u021biei FUTURA la Oradea cu membrii asocia\u021biei istorice din Oradea, numit\u0103 &#8221;Italianii din Bihor&#8221;.<\/p>\n<p>O sear\u0103 frumoas\u0103 la Oradea \u00een care s-au pus bazele unei colabor\u0103ri foarte str\u00e2nse \u00eentre asocia\u021bia noastr\u0103 pornind de la ratificarea acordului prin care FUTURA, INAS, \u0219i ITALIENII DIN BIHOR s-au angajat \u00een deschiderea unui punct de recep\u021bie a documentelor la Oradea, al patronatului INAS, care va produce \u201ebeneficii mari \u00een r\u00e2ndul numero\u0219ilor pensionari italieni din zona Bihorului.<\/p>\n<p>Mul\u021bumim domnului, Cesare Insinsola, pentru prezen\u021ba sa la acest eveniment important \u0219i domnului Sergio Passacantando pentru sprijinul pe care \u00eel va acorda, voluntar, tuturor pensionarilor din zon\u0103 \u00een numele INAS.<\/p>\n<p>Efortul asocia\u021biei FUTURA de a crea o re\u021bea \u00eentre to\u021bi italienii prezen\u021bi \u00een Rom\u00e2nia, valorific\u00e2nd toate realit\u0103\u021bile locale care s-au format de-a lungul anilor, a fost apreciat de to\u021bi cei prezen\u021bi, dar mai presus de toate obiectivele comune de a aduce comunitatea italian\u0103 \u00een institu\u021bii au fost apreciate at\u00e2t la nivel local c\u00e2t \u0219i na\u021bional pentru a avea un impact pozitiv asupra op\u021biunilor politice privind imigra\u021bia noastr\u0103 \u00een Rom\u00e2nia.<\/p>\n<p>Sincere mul\u021bumiri\u00a0 tuturor celor care au participat, care au dat dovad\u0103 de sensibilitate \u0219i spirit de agregare.<\/p>\n<p><strong>***<\/strong><\/p>\n<pre id=\"tw-target-text\" class=\"tw-data-text tw-text-large tw-ta\" dir=\"ltr\" data-placeholder=\"Traducere\" data-ved=\"2ahUKEwjIhIv5qOSCAxUW4QIHHflQCZIQ3ewLegQIBRAQ\"><\/pre>\n<p>Incontro positivo di FUTURA a Oradea con i membri dell&#8217;associazione storica di Oradea &#8221;Italiani in Bihor&#8221;.<\/p>\n<p>Una bellissima serata a Oradea che ha gettato le basi per una strettissima collaborazione tra la nostra associazione iniziando dalla ratifica dell\u2019accordo che vede FUTURA, INAS, e ITALIANI IN BIHOR impegnati nell\u2019 aprire un punto di ricezione documenti a Oradea del patronato INAS che produrra\u2019 grandi benefici tra i tanti pensionati italiani nella zona del Bihor .<\/p>\n<p>Ringraziamo Cesare Insinsola per la presenza in questo importante appuntamento e Sergio Passacantando per il supporto che, volontariamente, dara\u2019 a tutti i pensionati della zona per conto di INAS.<\/p>\n<p>Apprezzato da tutti i presenti lo sforzo di FUTURA per creare una rete tra tutti gli Italiani presenti in Romania valorizzando tutte le realta\u2019 locali che si sono formate negli anni ma soprattutto sono state apprezzati gli obbiettivi comuni per portare la Comunita\u2019 Italiana ad entrare nelle istituzioni sia locali che nazionali per poter incidere positivamente sulle scelte politiche che riguardano la nostra immigrazione in Romania.<\/p>\n<p>Ringraziamo di cuore tutti gli intervenuti che hanno dimostrato sensibilita\u2019 e spirito di aggregazione.<\/p>\n<p><img decoding=\"async\" class=\"size-thumbnail wp-image-656 alignleft\" src=\"https:\/\/futura.ro\/wp-content\/uploads\/2023\/01\/futura-oradea-150x150.jpg\" alt=\"\" width=\"150\" height=\"150\" \/><\/p>","protected":false},"excerpt":{"rendered":"<p>\u00cent\u00e2lnire pozitiv\u0103 a asocia\u021biei FUTURA la Oradea cu membrii asocia\u021biei istorice din Oradea, numit\u0103 &#8221;Italianii din Bihor&#8221;. O sear\u0103 frumoas\u0103 la Oradea \u00een care s-au pus bazele unei colabor\u0103ri foarte str\u00e2nse \u00eentre asocia\u021bia noastr\u0103 pornind de la ratificarea acordului prin care FUTURA, INAS, \u0219i ITALIENII DIN BIHOR s-au angajat \u00een deschiderea unui punct de recep\u021bie&hellip;&nbsp;<a href=\"https:\/\/futura.ro\/it\/futura-si-incontra-a-oradea-con-i-rappresentanti-di-italiani-in-bihor\/\" class=\"\" rel=\"bookmark\">Leggi tutto &raquo;<span class=\"screen-reader-text\">FUTURA se \u00eent\u00e2lne\u0219te la Oradea cu reprezentan\u021bi ai Asocia\u021biei &#8221;Italienii din Bihor&#8221;  ***  FUTURA si incontra a Oradea con i rappresentanti di &#8221;Italiani in Bihor&#8221;<\/span><\/a><\/p>","protected":false},"author":2,"featured_media":656,"comment_status":"closed","ping_status":"closed","sticky":false,"template":"","format":"standard","meta":{"neve_meta_sidebar":"","neve_meta_container":"","neve_meta_enable_content_width":"off","neve_meta_content_width":0,"neve_meta_title_alignment":"","neve_meta_author_avatar":"","neve_post_elements_order":"","neve_meta_disable_header":"","neve_meta_disable_footer":"","neve_meta_disable_title":"","footnotes":""},"categories":[1],"tags":[],"class_list":["post-655","post","type-post","status-publish","format-standard","has-post-thumbnail","hentry","category-uncategorized"],"_links":{"self":[{"href":"https:\/\/futura.ro\/it\/wp-json\/wp\/v2\/posts\/655","targetHints":{"allow":["GET"]}}],"collection":[{"href":"https:\/\/futura.ro\/it\/wp-json\/wp\/v2\/posts"}],"about":[{"href":"https:\/\/futura.ro\/it\/wp-json\/wp\/v2\/types\/post"}],"author":[{"embeddable":true,"href":"https:\/\/futura.ro\/it\/wp-json\/wp\/v2\/users\/2"}],"replies":[{"embeddable":true,"href":"https:\/\/futura.ro\/it\/wp-json\/wp\/v2\/comments?post=655"}],"version-history":[{"count":6,"href":"https:\/\/futura.ro\/it\/wp-json\/wp\/v2\/posts\/655\/revisions"}],"predecessor-version":[{"id":751,"href":"https:\/\/futura.ro\/it\/wp-json\/wp\/v2\/posts\/655\/revisions\/751"}],"wp:featuredmedia":[{"embeddable":true,"href":"https:\/\/futura.ro\/it\/wp-json\/wp\/v2\/media\/656"}],"wp:attachment":[{"href":"https:\/\/futura.ro\/it\/wp-json\/wp\/v2\/media?parent=655"}],"wp:term":[{"taxonomy":"category","embeddable":true,"href":"https:\/\/futura.ro\/it\/wp-json\/wp\/v2\/categories?post=655"},{"taxonomy":"post_tag","embeddable":true,"href":"https:\/\/futura.ro\/it\/wp-json\/wp\/v2\/tags?post=655"}],"curies":[{"name":"wp","href":"https:\/\/api.w.org\/{rel}","templated":true}]}}